{"id":1589,"date":"2026-04-27T20:00:26","date_gmt":"2026-04-27T18:00:26","guid":{"rendered":"https:\/\/www.waldkindergarten-beimerstetten.de\/?p=1589"},"modified":"2026-04-27T20:02:48","modified_gmt":"2026-04-27T18:02:48","slug":"weidacher-huette","status":"publish","type":"post","link":"https:\/\/www.waldkindergarten-beimerstetten.de\/?p=1589","title":{"rendered":"Weidacher H\u00fctte &#8211; ein voller Erfolg!"},"content":{"rendered":" <p>Am Wochenende des 18. und 19. April \u00fcbernahmen die Eltern des Waldkindergartens<\/p>    <p>Buntspechte e. V. zusammen mit dem Albverein Beimerstetten erstmals die Bewirtung an<\/p>    <p>der Weidacher H\u00fctte und sorgten f\u00fcr ein rundum gelungenes Erlebnis f\u00fcr alle Besucherinnen<\/p>    <p>und Besucher.<\/p>    <p>Bei bestem Wetter zog es an beiden Tagen zahlreiche Wanderer, Radfahrer und junge<\/p>    <p>Familien auf das Gel\u00e4nde, das besonders f\u00fcr Kinder viel zu bieten hatte. Sie konnten<\/p>    <p>rutschen, schaukeln, im Sand spielen, sich verstecken und die Natur entdecken. Bei einem<\/p>    <p>Recycling-Quiz gab es Salatstecklinge zu gewinnen. Auch das Angebot, aus Ton etwas zu<\/p>    <p>formen, begeisterte sowohl die Kinder als auch manchen Erwachsenen.<\/p>    <p>Ein besonderes Highlight war der Sonntag, an dem der Waldkindergarten Buntspechte sein<\/p>    <p>16-j\u00e4hriges Bestehen feierte. Erg\u00e4nzend zum M\u00fcllquiz und zur Tonbearbeitung wurden<\/p>    <p>verschiedene Aktionen angeboten, darunter gemeinsames Singen, Stockbrotbacken,<\/p>    <p>Popcorn \u00fcber dem Feuer sowie eine kleine Sektbar f\u00fcr die Erwachsenen.<\/p>    <p>Das kulinarische Angebot war vielf\u00e4ltig: Neben Maultaschensuppe, Gulasch, Wurst mit Brot<\/p>    <p>und k\u00fchlen Getr\u00e4nken wurden vor allem zahlreiche selbstgebackene Kuchen, Torten und<\/p>    <p>Kaffee angeboten. Diese stammten aus der engagierten Elternschaft des Kindergartens, von<\/p>    <p>freiwilligen Kuchenspenden der Landfrauen sowie der Nachbarschaftshilfe Beimerstetten.<\/p>    <p>Vielen G\u00e4sten wurde einmal mehr bewusst, wie gut ein selbstgemachter, mit Liebe<\/p>    <p>zubereiteter Kuchen schmeckt. So war es nicht verwunderlich, dass im Handumdrehen alle<\/p>    <p>Torten und Kuchen ausverkauft waren. In mehreren Schichten organisierten die Eltern den<\/p>    <p>Verkauf und trugen so ma\u00dfgeblich zu einem reibungslosen Ablauf bei.<\/p>    <p>Es war ein rundum gelungenes Wochenende, das nicht nur viele G\u00e4ste begeisterte, sondern<\/p>    <p>auch die Gemeinschaft innerhalb des Kindergartens weiter gest\u00e4rkt hat.<\/p>    <p>Vielen Dank nochmals an alle, die den Waldkindergarten an diesem Wochenende<\/p>    <p>unterst\u00fctzt haben.<\/p> ","protected":false},"excerpt":{"rendered":"<p>Am Wochenende des 18. und 19. April \u00fcbernahmen die Eltern des Waldkindergartens Buntspechte e. V. zusammen mit dem Albverein Beimerstetten erstmals die Bewirtung an der Weidacher H\u00fctte und sorgten f\u00fcr ein rundum gelungenes Erlebnis f\u00fcr alle Besucherinnen und Besucher. Bei bestem Wetter zog es an beiden Tagen zahlreiche Wanderer, Radfahrer und junge Familien auf das [&hellip;]<\/p>\n","protected":false},"author":1,"featured_media":0,"comment_status":"closed","ping_status":"open","sticky":false,"template":"","format":"standard","meta":{"ngg_post_thumbnail":0,"footnotes":""},"categories":[9],"tags":[],"class_list":["post-1589","post","type-post","status-publish","format-standard","hentry","category-presse"],"aioseo_notices":[],"_links":{"self":[{"href":"https:\/\/www.waldkindergarten-beimerstetten.de\/index.php?rest_route=\/wp\/v2\/posts\/1589","targetHints":{"allow":["GET"]}}],"collection":[{"href":"https:\/\/www.waldkindergarten-beimerstetten.de\/index.php?rest_route=\/wp\/v2\/posts"}],"about":[{"href":"https:\/\/www.waldkindergarten-beimerstetten.de\/index.php?rest_route=\/wp\/v2\/types\/post"}],"author":[{"embeddable":true,"href":"https:\/\/www.waldkindergarten-beimerstetten.de\/index.php?rest_route=\/wp\/v2\/users\/1"}],"replies":[{"embeddable":true,"href":"https:\/\/www.waldkindergarten-beimerstetten.de\/index.php?rest_route=%2Fwp%2Fv2%2Fcomments&post=1589"}],"version-history":[{"count":2,"href":"https:\/\/www.waldkindergarten-beimerstetten.de\/index.php?rest_route=\/wp\/v2\/posts\/1589\/revisions"}],"predecessor-version":[{"id":1595,"href":"https:\/\/www.waldkindergarten-beimerstetten.de\/index.php?rest_route=\/wp\/v2\/posts\/1589\/revisions\/1595"}],"wp:attachment":[{"href":"https:\/\/www.waldkindergarten-beimerstetten.de\/index.php?rest_route=%2Fwp%2Fv2%2Fmedia&parent=1589"}],"wp:term":[{"taxonomy":"category","embeddable":true,"href":"https:\/\/www.waldkindergarten-beimerstetten.de\/index.php?rest_route=%2Fwp%2Fv2%2Fcategories&post=1589"},{"taxonomy":"post_tag","embeddable":true,"href":"https:\/\/www.waldkindergarten-beimerstetten.de\/index.php?rest_route=%2Fwp%2Fv2%2Ftags&post=1589"}],"curies":[{"name":"wp","href":"https:\/\/api.w.org\/{rel}","templated":true}]}}