{"id":1578,"date":"2026-03-11T20:55:16","date_gmt":"2026-03-11T19:55:16","guid":{"rendered":"https:\/\/www.waldkindergarten-beimerstetten.de\/?p=1578"},"modified":"2026-03-11T20:55:16","modified_gmt":"2026-03-11T19:55:16","slug":"wie-aus-waldkindergartenkindern-ninjas-wurden","status":"publish","type":"post","link":"https:\/\/www.waldkindergarten-beimerstetten.de\/?p=1578","title":{"rendered":"Wie aus Waldkindergartenkindern Ninjas wurden"},"content":{"rendered":" <p>Besuch der Buntspechte im Stuntwerk in Senden \ud83e\uddd7\ud83c\udffb\u200d\u2640\ufe0f<\/p>    <p>Am 04.03.26 machten sich 13 Kinder des Waldkindergartens Buntspechte aus Beimerstetten mit 4 Erwachsenen auf den Weg ins Stuntwerk nach Senden.<\/p>    <p>Schnell wurde die Hangelleiter \u00fcber der riesengro\u00dfen Matratze in Beschlag genommen. Es wurde geklettert, durch den 5 m hohen Seiltunnel gekrabbelt, gerutscht, am Seil hochgezogen, balanciert, Saltos geflogen und wilde Ninja-Fl\u00fcge auf das gro\u00dfe Luftkissen vollzogen.<\/p>    <p>Bei einem Parcours ging es \u00fcber wackelige Reifen, mit dem Trampolin auf das n\u00e4chste Hindernis, \u00fcber eine Rutsche auf einen 6 m langen Balancebalken, um am Schluss dann noch mit letzter Kraft die Megawand zu erklimmen. Die Megawand lie\u00df leider nicht jeden hoch! Aber manch ein Waldninja lie\u00df sich davon nicht abschrecken und lief immer wieder an. Tats\u00e4chlich schafften es dann doch einige unter tobendem Applaus der anderen, die 5 m hohe Wand zu erklimmen!!<\/p>    <p>Respekt an alle Megawandbezwinger! Es war sch\u00f6n zu sehen, wie die Kinder \u00fcber sich hinauswuchsen. Wie viel Bewegungspotenzial und Talent in manch einem Kind steckt, wenn es sich bewegen darf.<\/p>    <p>Viel zu schnell ging die Zeit vorbei und aus den Ninjas wurden wieder Buntspechte. Mit m\u00fcden Armen und Beinen, aber voller neuer Inspirationen und Begeisterung f\u00fcr wilde Ninjamoves im Gep\u00e4ck und der Gewissheit, wiederzukommen, ging es wieder nach Hause.<\/p>   <div class=\"wp-block-image\"> <figure class=\"alignleft size-large is-resized\"><img loading=\"lazy\" decoding=\"async\" width=\"768\" height=\"1024\" src=\"https:\/\/www.waldkindergarten-beimerstetten.de\/wp-content\/uploads\/WhatsApp-Image-2026-03-11-at-20.44.19-768x1024.jpeg\" alt=\"\" class=\"wp-image-1579\" style=\"width:311px;height:auto\" srcset=\"https:\/\/www.waldkindergarten-beimerstetten.de\/wp-content\/uploads\/WhatsApp-Image-2026-03-11-at-20.44.19-768x1024.jpeg 768w, https:\/\/www.waldkindergarten-beimerstetten.de\/wp-content\/uploads\/WhatsApp-Image-2026-03-11-at-20.44.19-225x300.jpeg 225w, https:\/\/www.waldkindergarten-beimerstetten.de\/wp-content\/uploads\/WhatsApp-Image-2026-03-11-at-20.44.19-1152x1536.jpeg 1152w, https:\/\/www.waldkindergarten-beimerstetten.de\/wp-content\/uploads\/WhatsApp-Image-2026-03-11-at-20.44.19.jpeg 1200w\" sizes=\"auto, (max-width: 768px) 100vw, 768px\" \/><\/figure><\/div>   <p><\/p> ","protected":false},"excerpt":{"rendered":"<p>Besuch der Buntspechte im Stuntwerk in Senden \ud83e\uddd7\ud83c\udffb\u200d\u2640\ufe0f Am 04.03.26 machten sich 13 Kinder des Waldkindergartens Buntspechte aus Beimerstetten mit 4 Erwachsenen auf den Weg ins Stuntwerk nach Senden. Schnell wurde die Hangelleiter \u00fcber der riesengro\u00dfen Matratze in Beschlag genommen. Es wurde geklettert, durch den 5 m hohen Seiltunnel gekrabbelt, gerutscht, am Seil hochgezogen, balanciert, [&hellip;]<\/p>\n","protected":false},"author":1,"featured_media":0,"comment_status":"closed","ping_status":"open","sticky":false,"template":"","format":"standard","meta":{"ngg_post_thumbnail":0,"footnotes":""},"categories":[9],"tags":[],"class_list":["post-1578","post","type-post","status-publish","format-standard","hentry","category-presse"],"aioseo_notices":[],"_links":{"self":[{"href":"https:\/\/www.waldkindergarten-beimerstetten.de\/index.php?rest_route=\/wp\/v2\/posts\/1578","targetHints":{"allow":["GET"]}}],"collection":[{"href":"https:\/\/www.waldkindergarten-beimerstetten.de\/index.php?rest_route=\/wp\/v2\/posts"}],"about":[{"href":"https:\/\/www.waldkindergarten-beimerstetten.de\/index.php?rest_route=\/wp\/v2\/types\/post"}],"author":[{"embeddable":true,"href":"https:\/\/www.waldkindergarten-beimerstetten.de\/index.php?rest_route=\/wp\/v2\/users\/1"}],"replies":[{"embeddable":true,"href":"https:\/\/www.waldkindergarten-beimerstetten.de\/index.php?rest_route=%2Fwp%2Fv2%2Fcomments&post=1578"}],"version-history":[{"count":1,"href":"https:\/\/www.waldkindergarten-beimerstetten.de\/index.php?rest_route=\/wp\/v2\/posts\/1578\/revisions"}],"predecessor-version":[{"id":1580,"href":"https:\/\/www.waldkindergarten-beimerstetten.de\/index.php?rest_route=\/wp\/v2\/posts\/1578\/revisions\/1580"}],"wp:attachment":[{"href":"https:\/\/www.waldkindergarten-beimerstetten.de\/index.php?rest_route=%2Fwp%2Fv2%2Fmedia&parent=1578"}],"wp:term":[{"taxonomy":"category","embeddable":true,"href":"https:\/\/www.waldkindergarten-beimerstetten.de\/index.php?rest_route=%2Fwp%2Fv2%2Fcategories&post=1578"},{"taxonomy":"post_tag","embeddable":true,"href":"https:\/\/www.waldkindergarten-beimerstetten.de\/index.php?rest_route=%2Fwp%2Fv2%2Ftags&post=1578"}],"curies":[{"name":"wp","href":"https:\/\/api.w.org\/{rel}","templated":true}]}}