{"id":1555,"date":"2025-11-10T20:43:57","date_gmt":"2025-11-10T19:43:57","guid":{"rendered":"https:\/\/www.waldkindergarten-beimerstetten.de\/?p=1555"},"modified":"2025-11-19T20:47:54","modified_gmt":"2025-11-19T19:47:54","slug":"lichterfest-beim-waldkindergarten-buntspechte","status":"publish","type":"post","link":"https:\/\/www.waldkindergarten-beimerstetten.de\/?p=1555","title":{"rendered":"Lichterfest beim Waldkindergarten Buntspechte"},"content":{"rendered":" <p>Am vergangenen Donnerstag feierte der Waldkindergarten Buntspechte das diesj\u00e4hrige<\/p>    <p>Lichterfest mit Laternenlauf und herrlichem Beisammensein.<\/p>    <p>Treffpunkt war der Waldkindergarten-Platz, wo das diesj\u00e4hrige Lichterfest durch die<\/p>    <p>Erzieherinnen er\u00f6ffnet wurde. Nach der Begr\u00fc\u00dfung sangen alle gemeinsam das Lied<\/p>    <p>\u201eKinder tragen Licht ins Dunkel\u201c. Dabei entz\u00fcndeten die Kinder \u2013 jeweils in Zweiergruppen \u2013<\/p>    <p>ihre selbstgedrehten Honigkerzen und platzierten sie auf einer liebevoll gestalteten<\/p>    <p>Schnecke aus Tannengr\u00fcn. W\u00e4hrenddessen sangen die Eltern und alle, die wollten, das<\/p>    <p>Lied gemeinsam mit den Kindern weiter.<\/p>    <p><\/p>    <p>Im Anschluss erklangen noch zwei weitere Lieder, bevor sich alle am reichhaltigen und<\/p>    <p>abwechslungsreichen Buffet, das von den Eltern zusammengestellt worden war, st\u00e4rken<\/p>    <p>konnten. Hei\u00dfe Getr\u00e4nke sorgten daf\u00fcr, dass sich Gro\u00df und Klein an diesem<\/p>    <p>sp\u00e4therbstlichen Abend aufw\u00e4rmen konnten.<\/p>    <p>Gest\u00e4rkt und mit leuchtenden Augen machten sich die Kinder und Erwachsenen<\/p>    <p>anschlie\u00dfend mit ihren selbstgebastelten Laternen auf den Weg durch den Wald. Am Ende<\/p>    <p>des Weges wurden noch einmal drei Lieder gemeinsam gesungen \u2013 und alle, Kinder wie<\/p>    <p>Erwachsene, stimmten kr\u00e4ftig mit ein. Im aufziehenden Abendnebel entstand so eine ganz<\/p>    <p>besondere, stimmungsvolle Atmosph\u00e4re.<\/p>    <p><\/p>    <p>Es war ein rundum gelungener Abend mit vielen Leckereien, warmem Licht und einer<\/p>    <p>wundersch\u00f6nen sp\u00e4therbstlichen Stimmung.<\/p> ","protected":false},"excerpt":{"rendered":"<p>Am vergangenen Donnerstag feierte der Waldkindergarten Buntspechte das diesj\u00e4hrige Lichterfest mit Laternenlauf und herrlichem Beisammensein. Treffpunkt war der Waldkindergarten-Platz, wo das diesj\u00e4hrige Lichterfest durch die Erzieherinnen er\u00f6ffnet wurde. Nach der Begr\u00fc\u00dfung sangen alle gemeinsam das Lied \u201eKinder tragen Licht ins Dunkel\u201c. Dabei entz\u00fcndeten die Kinder \u2013 jeweils in Zweiergruppen \u2013 ihre selbstgedrehten Honigkerzen und platzierten [&hellip;]<\/p>\n","protected":false},"author":1,"featured_media":0,"comment_status":"closed","ping_status":"open","sticky":false,"template":"","format":"standard","meta":{"ngg_post_thumbnail":0,"footnotes":""},"categories":[9],"tags":[],"class_list":["post-1555","post","type-post","status-publish","format-standard","hentry","category-presse"],"aioseo_notices":[],"_links":{"self":[{"href":"https:\/\/www.waldkindergarten-beimerstetten.de\/index.php?rest_route=\/wp\/v2\/posts\/1555","targetHints":{"allow":["GET"]}}],"collection":[{"href":"https:\/\/www.waldkindergarten-beimerstetten.de\/index.php?rest_route=\/wp\/v2\/posts"}],"about":[{"href":"https:\/\/www.waldkindergarten-beimerstetten.de\/index.php?rest_route=\/wp\/v2\/types\/post"}],"author":[{"embeddable":true,"href":"https:\/\/www.waldkindergarten-beimerstetten.de\/index.php?rest_route=\/wp\/v2\/users\/1"}],"replies":[{"embeddable":true,"href":"https:\/\/www.waldkindergarten-beimerstetten.de\/index.php?rest_route=%2Fwp%2Fv2%2Fcomments&post=1555"}],"version-history":[{"count":5,"href":"https:\/\/www.waldkindergarten-beimerstetten.de\/index.php?rest_route=\/wp\/v2\/posts\/1555\/revisions"}],"predecessor-version":[{"id":1565,"href":"https:\/\/www.waldkindergarten-beimerstetten.de\/index.php?rest_route=\/wp\/v2\/posts\/1555\/revisions\/1565"}],"wp:attachment":[{"href":"https:\/\/www.waldkindergarten-beimerstetten.de\/index.php?rest_route=%2Fwp%2Fv2%2Fmedia&parent=1555"}],"wp:term":[{"taxonomy":"category","embeddable":true,"href":"https:\/\/www.waldkindergarten-beimerstetten.de\/index.php?rest_route=%2Fwp%2Fv2%2Fcategories&post=1555"},{"taxonomy":"post_tag","embeddable":true,"href":"https:\/\/www.waldkindergarten-beimerstetten.de\/index.php?rest_route=%2Fwp%2Fv2%2Ftags&post=1555"}],"curies":[{"name":"wp","href":"https:\/\/api.w.org\/{rel}","templated":true}]}}