{"id":1428,"date":"2024-11-28T09:52:57","date_gmt":"2024-11-28T08:52:57","guid":{"rendered":"https:\/\/www.waldkindergarten-beimerstetten.de\/?p=1428"},"modified":"2024-12-03T09:11:35","modified_gmt":"2024-12-03T08:11:35","slug":"vandalismus-von-jugendlichen-im-waldkindergarten","status":"publish","type":"post","link":"https:\/\/www.waldkindergarten-beimerstetten.de\/?p=1428","title":{"rendered":"Besuch des SWR im Waldkindergarten Buntspechte e.V. \u2013 Aufsehen und Unterst\u00fctzung nach Vandalismusvorfall"},"content":{"rendered":" <p>K\u00fcrzlich war das Team des SWR zu Gast im Waldkindergarten Buntspechte e.V., um \u00fcber den wiederholten Vandalismus in der Region zu berichten. Die Berichterstattung des S\u00fcdwestrundfunks sorgte f\u00fcr gro\u00dfes Aufsehen und trug dazu bei, die Problematik des Vandalismus in unserer Region ins \u00f6ffentliche Bewusstsein zu r\u00fccken. F\u00fcr uns als Waldkindergarten war dies eine Gelegenheit, nicht nur auf die negativen Auswirkungen der Sachbesch\u00e4digungen aufmerksam zu machen, sondern auch auf die positive Seite der Gemeinschaft und den Zusammenhalt, der in diesen schwierigen Zeiten deutlich wird.<\/p>    <p>Der Beitrag, der sowohl den Vandalismus als auch die Reaktionen der betroffenen Einrichtungen thematisiert, wurde in der ARD Mediathek ver\u00f6ffentlicht und hat schnell viele Menschen erreicht. Wer den Bericht noch einmal ansehen m\u00f6chte, kann dies jederzeit online tun.<\/p>    <p>Beitrag des ARD \/ SWR vom 25.11.2025<\/p>    <iframe loading=\"lazy\" src=\"https:\/\/www.ardmediathek.de\/embed\/Y3JpZDovL3N3ci5kZS9hZXgvbzIxNTA5NzM\" width=\"640\" height=\"360\" allowfullscreen allow=\"clipboard-read; clipboard-write\" frameBorder=\"0\" scrolling=\"no\"><\/iframe>    <p>Ein ganz besonderer Moment f\u00fcr uns war die Spende in H\u00f6he von 555\u20ac, die wir von der 2. Kompanie des Sanit\u00e4tsregiments 3 in Dornstadt erhalten haben. Insgesamt haben sich 46 Soldatinnen und Soldaten an dieser gro\u00dfz\u00fcgigen Aktion beteiligt. Diese Spende zeigt uns eindrucksvoll, wie stark der Zusammenhalt in der Gemeinschaft ist und wie wichtig es ist, f\u00fcreinander einzustehen \u2013 gerade in schwierigen Zeiten.<br><\/p>    <p>Wir m\u00f6chten uns herzlich bei allen Beteiligten f\u00fcr diese gro\u00dfz\u00fcgige Unterst\u00fctzung bedanken. Es ist sch\u00f6n zu sehen, dass unser Waldkindergarten nicht nur in der Region, sondern auch dar\u00fcber hinaus Anerkennung und Solidarit\u00e4t erf\u00e4hrt. Jede Spende hilft uns, unsere Arbeit fortzusetzen und den Kindern weiterhin ein sicheres und kreatives Umfeld im Wald zu bieten.<\/p>    <p><br>Der Artikel und die damit verbundene Aufmerksamkeit haben uns auch gezeigt, wie sehr die Menschen in unserer Region bereit sind, einander zu unterst\u00fctzen. Wir sind \u00fcberaus dankbar f\u00fcr jede Form der Hilfe, sei es durch Spenden, tatkr\u00e4ftige Unterst\u00fctzung oder durch das Schaffen von Bewusstsein f\u00fcr die Werte, die uns am Herzen liegen.<br>F\u00fcr uns steht fest: Zusammenhalt und Gemeinschaft sind die Grundlage f\u00fcr eine starke und resilientere Zukunft. Wir freuen uns \u00fcber jede weitere Unterst\u00fctzung und sind zuversichtlich, dass wir gemeinsam weiterhin erfolgreich f\u00fcr die Kinder und die Natur arbeiten k\u00f6nnen.<\/p> ","protected":false},"excerpt":{"rendered":"<p>K\u00fcrzlich war das Team des SWR zu Gast im Waldkindergarten Buntspechte e.V., um \u00fcber den wiederholten Vandalismus in der Region zu berichten. Die Berichterstattung des S\u00fcdwestrundfunks sorgte f\u00fcr gro\u00dfes Aufsehen und trug dazu bei, die Problematik des Vandalismus in unserer Region ins \u00f6ffentliche Bewusstsein zu r\u00fccken. F\u00fcr uns als Waldkindergarten war dies eine Gelegenheit, nicht [&hellip;]<\/p>\n","protected":false},"author":1,"featured_media":0,"comment_status":"closed","ping_status":"open","sticky":false,"template":"","format":"standard","meta":{"ngg_post_thumbnail":0,"footnotes":""},"categories":[9],"tags":[],"class_list":["post-1428","post","type-post","status-publish","format-standard","hentry","category-presse"],"aioseo_notices":[],"_links":{"self":[{"href":"https:\/\/www.waldkindergarten-beimerstetten.de\/index.php?rest_route=\/wp\/v2\/posts\/1428","targetHints":{"allow":["GET"]}}],"collection":[{"href":"https:\/\/www.waldkindergarten-beimerstetten.de\/index.php?rest_route=\/wp\/v2\/posts"}],"about":[{"href":"https:\/\/www.waldkindergarten-beimerstetten.de\/index.php?rest_route=\/wp\/v2\/types\/post"}],"author":[{"embeddable":true,"href":"https:\/\/www.waldkindergarten-beimerstetten.de\/index.php?rest_route=\/wp\/v2\/users\/1"}],"replies":[{"embeddable":true,"href":"https:\/\/www.waldkindergarten-beimerstetten.de\/index.php?rest_route=%2Fwp%2Fv2%2Fcomments&post=1428"}],"version-history":[{"count":5,"href":"https:\/\/www.waldkindergarten-beimerstetten.de\/index.php?rest_route=\/wp\/v2\/posts\/1428\/revisions"}],"predecessor-version":[{"id":1435,"href":"https:\/\/www.waldkindergarten-beimerstetten.de\/index.php?rest_route=\/wp\/v2\/posts\/1428\/revisions\/1435"}],"wp:attachment":[{"href":"https:\/\/www.waldkindergarten-beimerstetten.de\/index.php?rest_route=%2Fwp%2Fv2%2Fmedia&parent=1428"}],"wp:term":[{"taxonomy":"category","embeddable":true,"href":"https:\/\/www.waldkindergarten-beimerstetten.de\/index.php?rest_route=%2Fwp%2Fv2%2Fcategories&post=1428"},{"taxonomy":"post_tag","embeddable":true,"href":"https:\/\/www.waldkindergarten-beimerstetten.de\/index.php?rest_route=%2Fwp%2Fv2%2Ftags&post=1428"}],"curies":[{"name":"wp","href":"https:\/\/api.w.org\/{rel}","templated":true}]}}