{"id":1420,"date":"2024-11-12T08:41:50","date_gmt":"2024-11-12T07:41:50","guid":{"rendered":"http:\/\/www.waldkindergarten-beimerstetten.de\/?p=1420"},"modified":"2024-11-12T08:42:00","modified_gmt":"2024-11-12T07:42:00","slug":"laternenfest-im-waldkindergarten","status":"publish","type":"post","link":"https:\/\/www.waldkindergarten-beimerstetten.de\/?p=1420","title":{"rendered":"Laternenfest im Waldkindergarten"},"content":{"rendered":"<div class=\"wp-block-image\"> <figure class=\"alignright size-full is-resized\"><img loading=\"lazy\" decoding=\"async\" width=\"604\" height=\"806\" src=\"http:\/\/www.waldkindergarten-beimerstetten.de\/wp-content\/uploads\/5-3.jpg\" alt=\"\" class=\"wp-image-1425\" style=\"width:468px;height:auto\" srcset=\"https:\/\/www.waldkindergarten-beimerstetten.de\/wp-content\/uploads\/5-3.jpg 604w, https:\/\/www.waldkindergarten-beimerstetten.de\/wp-content\/uploads\/5-3-225x300.jpg 225w\" sizes=\"auto, (max-width: 604px) 100vw, 604px\" \/><\/figure><\/div>   <p>Am Freitag, 08.11.24, fand im Waldkindergarten Buntspechte ein stimmungsvoller Laternenlauf statt, der nicht nur die Kinder, sondern auch die Eltern, Gro\u00dfeltern und Waldfreunde in seinen Bann zog.<\/p>    <p>In der D\u00e4mmerung versammelten sich die Kinder mit ihren selbstgebastelten Laternen auf dem Kindergartenplatz im Wald.<\/p>    <p>Nach einer herzlichen Begr\u00fc\u00dfung durch die Erzieherinnen gab es eine Geschichte mit musikalischer Begleitung der Kinder.<\/p>    <p>Nach einem abwechslungsreichen Fingerfood-Buffet, welches die Eltern der Kinder zusammengestellt haben, f\u00fchrte der Umzug durch den Wald, wo die Laternen ein m\u00e4rchenhaftes Licht in die herbstliche Dunkelheit brachten.<\/p>    <p>Die Kinder, die ihre Laternen stolz in den H\u00e4nden hielten, wurden von den Erzieherinnen und den Eltern liebevoll begleitet. Das Lichtermeer sorgte f\u00fcr eine wunderbare Atmosph\u00e4re.<\/p>    <p>Der Laternenlauf im Waldkindergarten Buntspechte ist jedes Jahr ein Highlight im Jahreskalender der Einrichtung.<\/p>    <p>Ein sch\u00f6nes Erlebnis f\u00fcr die Kinder und eine gelungene Gelegenheit, die Gemeinschaft und den Zusammenhalt im Waldkindergarten st\u00e4rken.<\/p>    <p>Wir w\u00fcnschen allen Lesern noch eine sch\u00f6ne Herbstzeit<\/p> ","protected":false},"excerpt":{"rendered":"<p>Am Freitag, 08.11.24, fand im Waldkindergarten Buntspechte ein stimmungsvoller Laternenlauf statt, der nicht nur die Kinder, sondern auch die Eltern, Gro\u00dfeltern und Waldfreunde in seinen Bann zog. In der D\u00e4mmerung versammelten sich die Kinder mit ihren selbstgebastelten Laternen auf dem Kindergartenplatz im Wald. Nach einer herzlichen Begr\u00fc\u00dfung durch die Erzieherinnen gab es eine Geschichte mit [&hellip;]<\/p>\n","protected":false},"author":1,"featured_media":0,"comment_status":"closed","ping_status":"open","sticky":false,"template":"","format":"standard","meta":{"ngg_post_thumbnail":0,"footnotes":""},"categories":[9],"tags":[],"class_list":["post-1420","post","type-post","status-publish","format-standard","hentry","category-presse"],"aioseo_notices":[],"_links":{"self":[{"href":"https:\/\/www.waldkindergarten-beimerstetten.de\/index.php?rest_route=\/wp\/v2\/posts\/1420","targetHints":{"allow":["GET"]}}],"collection":[{"href":"https:\/\/www.waldkindergarten-beimerstetten.de\/index.php?rest_route=\/wp\/v2\/posts"}],"about":[{"href":"https:\/\/www.waldkindergarten-beimerstetten.de\/index.php?rest_route=\/wp\/v2\/types\/post"}],"author":[{"embeddable":true,"href":"https:\/\/www.waldkindergarten-beimerstetten.de\/index.php?rest_route=\/wp\/v2\/users\/1"}],"replies":[{"embeddable":true,"href":"https:\/\/www.waldkindergarten-beimerstetten.de\/index.php?rest_route=%2Fwp%2Fv2%2Fcomments&post=1420"}],"version-history":[{"count":2,"href":"https:\/\/www.waldkindergarten-beimerstetten.de\/index.php?rest_route=\/wp\/v2\/posts\/1420\/revisions"}],"predecessor-version":[{"id":1426,"href":"https:\/\/www.waldkindergarten-beimerstetten.de\/index.php?rest_route=\/wp\/v2\/posts\/1420\/revisions\/1426"}],"wp:attachment":[{"href":"https:\/\/www.waldkindergarten-beimerstetten.de\/index.php?rest_route=%2Fwp%2Fv2%2Fmedia&parent=1420"}],"wp:term":[{"taxonomy":"category","embeddable":true,"href":"https:\/\/www.waldkindergarten-beimerstetten.de\/index.php?rest_route=%2Fwp%2Fv2%2Fcategories&post=1420"},{"taxonomy":"post_tag","embeddable":true,"href":"https:\/\/www.waldkindergarten-beimerstetten.de\/index.php?rest_route=%2Fwp%2Fv2%2Ftags&post=1420"}],"curies":[{"name":"wp","href":"https:\/\/api.w.org\/{rel}","templated":true}]}}