{"id":1414,"date":"2024-10-16T13:30:58","date_gmt":"2024-10-16T11:30:58","guid":{"rendered":"http:\/\/www.waldkindergarten-beimerstetten.de\/?p=1414"},"modified":"2024-10-16T13:30:58","modified_gmt":"2024-10-16T11:30:58","slug":"so-viel-saft-gab-es-noch-nie","status":"publish","type":"post","link":"https:\/\/www.waldkindergarten-beimerstetten.de\/?p=1414","title":{"rendered":"So viel Saft gab es noch nie !"},"content":{"rendered":" <p><strong>Waldkindergarten verzeichnet Rekord Saftjahr<\/strong><\/p>    <p>Bei Anfangs durchwachsenem Wetter versammelten sich die Mitglieder des Waldkindergarten Buntspechte e.V am letzten Wochenende im September auf Streuobstwiesen in Beimerstetten, Eiselau und Dornstadt.<\/p>    <p>Es wurde gesch\u00fcttelt was die B\u00e4ume hergaben. Und das war mehr als transportiert werden konnte!<\/p>    <p>Nicht alle \u00c4pfel fanden ihren Weg in die sechs Anh\u00e4ngerladungen zur Mosterei Back in H\u00f6rvelsingen. Flei\u00dfig wurden die verschiedenen Sorten probiert und die besten zur Verkostung behalten.<\/p>    <p>Tausende \u00c4pfel rollten in den Waschbeh\u00e4lter und es wurde diskutiert und gesch\u00e4tzt wie viel Liter Saft wohl am Ende gesaftet werden. Nat\u00fcrlich durfte eine Direktverkostung vor Ort nicht fehlen. Die Kinder waren begeistert von dem Ergebnis und h\u00e4tten am liebsten vor Ort gleich alles getrunken. Letztlich wurden es 2720 Liter feinster Apfelsaft von den Streuobstwiesen, der in 5 Liter und 10 Liter Big Bags auf mehreren Paletten zur Abholung bereit standen. Logistisch eine echte Herausforderung zum transportieren und lagern.<\/p>    <p>Der Waldkindergarten bedankt sich von Herzen bei der Firma Elektro Schmid in Beimerstetten, den Familien Ziegler und Seiffert aus Eiselau, dem Diakonischen Werk in Dornstadt und den spontanen privaten Spenden zahlreicher Familien aus Beimerstetten. Ohne die bereitwillige \u00dcberlassung der Wiesen \/ B\u00e4ume w\u00e4re diese enorme Menge an Saft nie zustande gekommen.<\/p>    <p>Die Big Bags k\u00f6nnen zu den bekannten \u00d6ffnungszeiten im Hofladen der Familie Bunz in Hagen oder direkt beim Waldkindergarten erworben werden.<\/p>    <p>Der Erl\u00f6s aus dem Verkauf kommt dem Waldkindergarten zugute.<\/p>    <p>PS: Am Freitag, 11.10.24 von 15:30-17:00 Uhr, findet wieder die Waldspielegruppe auf dem Gel\u00e4nde des Waldkindergarten zum herbstlichen Thema Vogelfutter herstellen statt.<\/p>    <figure class=\"wp-block-image size-large\"><img loading=\"lazy\" decoding=\"async\" width=\"768\" height=\"1024\" src=\"http:\/\/www.waldkindergarten-beimerstetten.de\/wp-content\/uploads\/2-2-768x1024.jpg\" alt=\"\" class=\"wp-image-1416\" srcset=\"https:\/\/www.waldkindergarten-beimerstetten.de\/wp-content\/uploads\/2-2-768x1024.jpg 768w, https:\/\/www.waldkindergarten-beimerstetten.de\/wp-content\/uploads\/2-2-225x300.jpg 225w, https:\/\/www.waldkindergarten-beimerstetten.de\/wp-content\/uploads\/2-2-1152x1536.jpg 1152w, https:\/\/www.waldkindergarten-beimerstetten.de\/wp-content\/uploads\/2-2.jpg 1200w\" sizes=\"auto, (max-width: 768px) 100vw, 768px\" \/><\/figure>    <figure class=\"wp-block-image size-large\"><img loading=\"lazy\" decoding=\"async\" width=\"1024\" height=\"768\" src=\"http:\/\/www.waldkindergarten-beimerstetten.de\/wp-content\/uploads\/1-2-1024x768.jpg\" alt=\"\" class=\"wp-image-1415\" srcset=\"https:\/\/www.waldkindergarten-beimerstetten.de\/wp-content\/uploads\/1-2-1024x768.jpg 1024w, https:\/\/www.waldkindergarten-beimerstetten.de\/wp-content\/uploads\/1-2-300x225.jpg 300w, https:\/\/www.waldkindergarten-beimerstetten.de\/wp-content\/uploads\/1-2-768x576.jpg 768w, https:\/\/www.waldkindergarten-beimerstetten.de\/wp-content\/uploads\/1-2-1536x1152.jpg 1536w, https:\/\/www.waldkindergarten-beimerstetten.de\/wp-content\/uploads\/1-2.jpg 1600w\" sizes=\"auto, (max-width: 1024px) 100vw, 1024px\" \/><\/figure> ","protected":false},"excerpt":{"rendered":"<p>Waldkindergarten verzeichnet Rekord Saftjahr Bei Anfangs durchwachsenem Wetter versammelten sich die Mitglieder des Waldkindergarten Buntspechte e.V am letzten Wochenende im September auf Streuobstwiesen in Beimerstetten, Eiselau und Dornstadt. Es wurde gesch\u00fcttelt was die B\u00e4ume hergaben. Und das war mehr als transportiert werden konnte! Nicht alle \u00c4pfel fanden ihren Weg in die sechs Anh\u00e4ngerladungen zur Mosterei [&hellip;]<\/p>\n","protected":false},"author":1,"featured_media":0,"comment_status":"closed","ping_status":"open","sticky":false,"template":"","format":"standard","meta":{"ngg_post_thumbnail":0,"footnotes":""},"categories":[9],"tags":[],"class_list":["post-1414","post","type-post","status-publish","format-standard","hentry","category-presse"],"aioseo_notices":[],"_links":{"self":[{"href":"https:\/\/www.waldkindergarten-beimerstetten.de\/index.php?rest_route=\/wp\/v2\/posts\/1414","targetHints":{"allow":["GET"]}}],"collection":[{"href":"https:\/\/www.waldkindergarten-beimerstetten.de\/index.php?rest_route=\/wp\/v2\/posts"}],"about":[{"href":"https:\/\/www.waldkindergarten-beimerstetten.de\/index.php?rest_route=\/wp\/v2\/types\/post"}],"author":[{"embeddable":true,"href":"https:\/\/www.waldkindergarten-beimerstetten.de\/index.php?rest_route=\/wp\/v2\/users\/1"}],"replies":[{"embeddable":true,"href":"https:\/\/www.waldkindergarten-beimerstetten.de\/index.php?rest_route=%2Fwp%2Fv2%2Fcomments&post=1414"}],"version-history":[{"count":1,"href":"https:\/\/www.waldkindergarten-beimerstetten.de\/index.php?rest_route=\/wp\/v2\/posts\/1414\/revisions"}],"predecessor-version":[{"id":1417,"href":"https:\/\/www.waldkindergarten-beimerstetten.de\/index.php?rest_route=\/wp\/v2\/posts\/1414\/revisions\/1417"}],"wp:attachment":[{"href":"https:\/\/www.waldkindergarten-beimerstetten.de\/index.php?rest_route=%2Fwp%2Fv2%2Fmedia&parent=1414"}],"wp:term":[{"taxonomy":"category","embeddable":true,"href":"https:\/\/www.waldkindergarten-beimerstetten.de\/index.php?rest_route=%2Fwp%2Fv2%2Fcategories&post=1414"},{"taxonomy":"post_tag","embeddable":true,"href":"https:\/\/www.waldkindergarten-beimerstetten.de\/index.php?rest_route=%2Fwp%2Fv2%2Ftags&post=1414"}],"curies":[{"name":"wp","href":"https:\/\/api.w.org\/{rel}","templated":true}]}}